{"id":24537,"date":"2025-09-08T19:42:25","date_gmt":"2025-09-08T19:42:25","guid":{"rendered":"https:\/\/www.nagico.com\/?p=24537"},"modified":"2025-09-08T19:42:25","modified_gmt":"2025-09-08T19:42:25","slug":"gfa-caraibes-et-nagico-finalisent-leur-accord-de-partenariat-en-assurances-de-dommages-sur-le-marche-des-antilles-et-de-la-guyane","status":"publish","type":"post","link":"https:\/\/www.nagico.com\/fr\/gfa-caraibes-et-nagico-finalisent-leur-accord-de-partenariat-en-assurances-de-dommages-sur-le-marche-des-antilles-et-de-la-guyane\/","title":{"rendered":"GFA Cara\u00efbes et NAGICO finalisent leur accord de partenariat en assurances de dommages sur le march\u00e9 des Antilles et de la Guyane"},"content":{"rendered":"<p><img fetchpriority=\"high\" decoding=\"async\" class=\" wp-image-24528 alignleft\" src=\"https:\/\/www.nagico.com\/wp-content\/uploads\/2025\/09\/Untitled-design-31.png\" alt=\"\" width=\"623\" height=\"113\" srcset=\"https:\/\/www.nagico.com\/wp-content\/uploads\/2025\/09\/Untitled-design-31.png 975w, https:\/\/www.nagico.com\/wp-content\/uploads\/2025\/09\/Untitled-design-31-300x54.png 300w, https:\/\/www.nagico.com\/wp-content\/uploads\/2025\/09\/Untitled-design-31-768x139.png 768w\" sizes=\"(max-width: 623px) 100vw, 623px\" \/><img decoding=\"async\" class=\" wp-image-24531 alignright\" src=\"https:\/\/www.nagico.com\/wp-content\/uploads\/2025\/09\/cropped-Logo-2024-GFAC-Lines-RVB-Rouge-2-scaled.png\" alt=\"\" width=\"487\" height=\"155\" srcset=\"https:\/\/www.nagico.com\/wp-content\/uploads\/2025\/09\/cropped-Logo-2024-GFAC-Lines-RVB-Rouge-2-scaled.png 2560w, https:\/\/www.nagico.com\/wp-content\/uploads\/2025\/09\/cropped-Logo-2024-GFAC-Lines-RVB-Rouge-2-300x95.png 300w, https:\/\/www.nagico.com\/wp-content\/uploads\/2025\/09\/cropped-Logo-2024-GFAC-Lines-RVB-Rouge-2-1024x325.png 1024w, https:\/\/www.nagico.com\/wp-content\/uploads\/2025\/09\/cropped-Logo-2024-GFAC-Lines-RVB-Rouge-2-768x244.png 768w, https:\/\/www.nagico.com\/wp-content\/uploads\/2025\/09\/cropped-Logo-2024-GFAC-Lines-RVB-Rouge-2-1536x488.png 1536w, https:\/\/www.nagico.com\/wp-content\/uploads\/2025\/09\/cropped-Logo-2024-GFAC-Lines-RVB-Rouge-2-2048x651.png 2048w\" sizes=\"(max-width: 487px) 100vw, 487px\" \/><\/p>\n<p>&nbsp;<\/p>\n<p>&nbsp;<\/p>\n<p>&nbsp;<\/p>\n<p>&nbsp;<\/p>\n<p><strong>Apr\u00e8s avoir annonc\u00e9 \u00eatre entr\u00e9es en n\u00e9gociations exclusives le 9 mai, GFA Cara\u00efbes, la filiale de Generali France dans les Antilles et en Guyane, et NAGICO, compagnie sp\u00e9cialis\u00e9e sur le march\u00e9 carib\u00e9en ont sign\u00e9 leur accord de partenariat le 14 ao\u00fbt dernier.<\/strong><\/p>\n<p>La couverture des risques sur le march\u00e9 des Cara\u00efbes comporte des sp\u00e9cificit\u00e9s\u00a0: ces territoires sont expos\u00e9s \u00e0 des risques naturels tr\u00e8s importants qui ont conduit progressivement \u00e0 une rar\u00e9faction de l\u2019offre de r\u00e9assurance qui fragilise le march\u00e9 de l&rsquo;assurance dans cette r\u00e9gion.<\/p>\n<p>C\u2019est pour rem\u00e9dier \u00e0 ces enjeux sensibles que GFA Cara\u00efbes et NAGICO viennent de conclure un accord au terme duquel elles travailleront ensemble pour proposer une offre d\u2019assurance dommage sur les territoires fran\u00e7ais des Antilles et de la Guyane.<\/p>\n<p>La compagnie GFA Cara\u00efbes, filiale de Generali France, compte 180 collaborateurs et s\u2019appuie sur un r\u00e9seau de distribution compos\u00e9 d\u2019Agents g\u00e9n\u00e9raux, de Courtiers et de bureaux directs qui a r\u00e9alis\u00e9 un chiffre d\u2019affaires de 139 M\u20ac en 2024.<\/p>\n<p>Avec des entit\u00e9s implant\u00e9es sur l\u2019ensemble de l\u2019arc antillais, NAGICO est un groupe d\u2019assurance sp\u00e9cialis\u00e9 sur le march\u00e9 carib\u00e9en, notamment les Antilles anglaises, n\u00e9erlandaises et fran\u00e7aises, qui a totalis\u00e9 250 M$ de chiffre d\u2019affaires en 2024, avec une connaissance fine de la souscription des risques dans cette r\u00e9gion o\u00f9 il intervient depuis 1982.<\/p>\n<p><strong>\u00a0<\/strong><\/p>\n<p><strong>Le partenariat entre les deux entit\u00e9s concerne les affaires nouvelles des offres Multirisque habitation, Multirisque immeubles, Multirisque commerces<\/strong>. Sur ces segments, GFA Cara\u00efbes intervient pour le compte de NAGICO en tant que mandataire pour accompagner les clients dans la pr\u00e9vention et la ma\u00eetrise de leurs risques, la gestion de leur contrat et le r\u00e8glement des sinistres.<\/p>\n<p><strong>\u00a0<\/strong><strong>Concernant l\u2019offre multirisque industrielle, NAGICO intervient directement sur ce segment en partenariat avec COOPER GAY qui est son mandataire.<\/strong><\/p>\n<p>De son c\u00f4t\u00e9, GFA Cara\u00efbes va pouvoir conforter son r\u00f4le d\u2019assureur de premier plan sur l\u2019assurance auto, celle des flottes de v\u00e9hicules d\u2019entreprises, d\u00e9velopper les assurances de personnes (pr\u00e9voyance-sant\u00e9, \u00e9pargne et retraite) et travailler \u00e0 la diversification de son activit\u00e9 sur de nouveaux secteurs de l\u2019assurance aux Antilles et en Guyane.<\/p>\n<p><strong>Le r\u00e9seau d\u2019Agents G\u00e9n\u00e9raux de GFA Cara\u00efbes et le courtage restent au c\u0153ur de sa strat\u00e9gie de d\u00e9veloppement et de celle de NAGICO.<\/strong><\/p>\n<p>Gr\u00e2ce \u00e0 ce partenariat, les deux compagnies vont dynamiser l\u2019int\u00e9gration \u00e9conomique dans cette r\u00e9gion et apporter une solution pour que le plus grand nombre des clients particuliers, professionnels et entreprises des Cara\u00efbes et de la Guyane puissent continuer \u00e0 \u00eatre assur\u00e9s.<\/p>\n<p><strong>\u00a0<\/strong><strong>Le projet sera op\u00e9rationnel d\u00e8s septembre 2025 et n\u2019aura pas d\u2019incidence sur l\u2019emploi pour les collaborateurs de GFA Cara\u00efbes.<\/strong><\/p>\n<p><strong>\u00a0<\/strong><strong>Jean Marie Renard Mandataire G\u00e9n\u00e9ral de NAGICO sur les territoires fran\u00e7ais a d\u00e9clar\u00e9\u00a0: <\/strong><em>\u00ab\u00a0Je me f\u00e9licite de cette conclusion positive de nos travaux. Les travaux conduits activement entre l\u2019ouverture des n\u00e9gociations exclusives et la signature de notre accord de partenariat ont confirm\u00e9 la volont\u00e9 commune de nos deux entit\u00e9s \u00e0 maintenir et d\u00e9velopper une offre d\u2019assurance sur les Cara\u00efbes Fran\u00e7aise et la Guyane. Par ailleurs, sa mise en place op\u00e9rationnelle au 15 septembre 2025, nous permet de proposer, sans d\u00e9lai, une r\u00e9ponse adapt\u00e9e aux besoins et aux particularit\u00e9s de l\u2019assurance de ce territoire. Comme nous l\u2019avions fait fin 2024 sur le sujet des \u00e9meutes.\u00a0NAGICO assurances est une entit\u00e9 Carib\u00e9enne engag\u00e9e et d\u00e9di\u00e9e \u00e0 la zone Cara\u00efbes et a sa population, et nous sommes enthousiastes de pouvoir accroitre notre investissement sur ces territoires. \u00bb<\/em><\/p>\n<p><strong><em>\u00a0<\/em><\/strong><strong>St\u00e9phane Marcelli, directeur g\u00e9n\u00e9ral de GFA Cara\u00efbes a soulign\u00e9 de son c\u00f4t\u00e9<\/strong> \u00ab\u00a0<em>Les sp\u00e9cificit\u00e9s de NAGICO, compagnie d\u2019assurances \u00e9tablie de longue date sur l\u2019ensemble des Cara\u00efbes, disposant d\u2019une fine connaissance de la couverture et de la gestion des assurances dans notre r\u00e9gion expos\u00e9e \u00e0 des risques climatiques sp\u00e9cifiques, nous ont incit\u00e9s \u00e0 ce rapprochement. Notre partenariat est l\u2019illustration de la capacit\u00e9 d\u2019assureurs volontaires \u00e0 mettre en place des solutions innovantes et solides. Gr\u00e2ce \u00e0 cela nous allons cr\u00e9er une dynamique positive pour nos deux soci\u00e9t\u00e9s et pour l\u2019\u00e9conomie de nos r\u00e9gions. Confiants dans notre avenir commun, nous avons h\u00e2te de mettre en \u0153uvre ce partenariat d\u00e8s cette rentr\u00e9e <\/em>\u00bb.<\/p>\n<p><strong><u>A propos du groupe NAGICO<\/u><\/strong><\/p>\n<p>Cr\u00e9\u00e9 en 1982, le groupe NAGICO propose l\u2019ensemble des produits d\u2019assurances de biens et de responsabilit\u00e9s ainsi que des produits vie et sant\u00e9 \u00e0 ses clients qui sont situ\u00e9s dans les Cara\u00efbes.<\/p>\n<p>Gr\u00e2ce \u00e0 une compr\u00e9hension fine de l\u2019activit\u00e9 d\u2019assurance, des besoins de ses clients et de l\u2019environnement dans lequel la compagnie op\u00e8re, combin\u00e9s au soutien de ses interm\u00e9diaires, ses collaborateurs et ses partenaires de r\u00e9assurance \u2013 le Groupe NAGICO a une forte pr\u00e9sence dans les Cara\u00efbes op\u00e9rant dans 31 territoires. La promesse de NAGICO et son engagement sont, depuis le d\u00e9but, d\u2019offrir un service rapide et \u00e9quitable \u00e0 ses clients et \u00e0 toujours \u00eatre l\u00e0 pour eux\u00a0; une promesse tenue de mani\u00e8re constante au fil des ans.<\/p>\n<p>NAGICO est un groupe financi\u00e8rement solide et stable, avec la gestion des risques au c\u0153ur de sa prise de d\u00e9cision. Avec pour valeurs fiabilit\u00e9, loyaut\u00e9 et proximit\u00e9, c\u2019est un fournisseur privil\u00e9gi\u00e9 dans la r\u00e9gion et le n\u00b01 dans de nombreuses \u00eeles.<\/p>\n<p>Chiffres cl\u00e9 de NAGICO Group\u00a0:<\/p>\n<ul>\n<li>31 territoires<\/li>\n<li>$ 250 millions de primes \u00e9mises brutes annuelles.<\/li>\n<li>$ 124 millions en capitaux propres.<\/li>\n<li>$ 500 millions d\u2019actifs.<\/li>\n<li>Taille financi\u00e8re VIII (PHS $ 100m- $ 250m)<\/li>\n<li>Notation AM BEST: B++ (Good)<\/li>\n<\/ul>\n<p>Plus d\u2019information sur nagico.com et suivez l\u2019actualit\u00e9 du groupe sur LinkedIn.<\/p>\n<p><strong><u>A propos de GFA Cara\u00efbes :<\/u><\/strong><\/p>\n<p>Cr\u00e9\u00e9 en 1971, GFA Cara\u00efbes est une compagnie d\u2019assurance locale implant\u00e9e aux Antilles-Guyane et filiale du groupe Generali depuis 1999. Avec une part de march\u00e9 de 16%, GFA Cara\u00efbes est un acteur majeur de l\u2019assurance dommages en Martinique, Guadeloupe et Guyane. Elle accompagne plus de 80 000 clients (particuliers, professionnels et entreprises) gr\u00e2ce \u00e0 son r\u00e9seau d\u2019agents g\u00e9n\u00e9raux, de courtiers et \u00e0 l\u2019engagement de ses 185 collaborateurs.<\/p>\n<p>GFA Cara\u00efbes distribue \u00e9galement les produits vie, pr\u00e9voyance et retraite du groupe Generali.<\/p>\n<p><u>A PROPOS DE GENERALI France<\/u><\/p>\n<p>Generali France est aujourd\u2019hui l\u2019un des principaux assureurs et gestionnaire d\u2019actifs de l\u2019Hexagone avec un chiffre d\u2019affaires de 19,2\u00a0milliards d\u2019euros en 2024\u00a0et propose \u00e0 ses 8 millions de clients particuliers, professionnels et entreprises, une offre compl\u00e8te de solutions d\u2019assurances (sant\u00e9, pr\u00e9voyance, assistance, biens et responsabilit\u00e9), d\u2019\u00e9pargne patrimoniale et de gestion d\u2019actifs. Implant\u00e9 en France depuis 1832, Generali France s\u2019appuie sur le savoir-faire et l\u2019expertise de ses 9 300 collaborateurs, agents g\u00e9n\u00e9raux et salari\u00e9s d\u2019agences ainsi que de ses r\u00e9seaux de courtiers et interm\u00e9diaires. Sa vision : \u00eatre le partenaire de ses clients et de ses distributeurs tout au long de leur vie. Entreprise engag\u00e9e, Generali France met la durabilit\u00e9 au c\u0153ur de sa strat\u00e9gie avec pour ambition d\u2019\u00eatre un assureur, un investisseur, un distributeur,\u00a0un employeur et un citoyen responsable, en particulier au travers de sa fondation The Human Safety Net.<\/p>\n<p>Plus d\u2019informations sur\u00a0 <a href=\"https:\/\/www.generali.fr\/\">generali.fr<\/a> et suivez notre actualit\u00e9 sur <a href=\"https:\/\/www.linkedin.com\/company\/generali-france\/\">LinkedIn<\/a><\/p>\n<p><strong>Contacts Presse : <\/strong><\/p>\n<p><strong>Nagico : \u00a0\u00a0\u00a0\u00a0\u00a0\u00a0\u00a0\u00a0\u00a0\u00a0\u00a0\u00a0\u00a0\u00a0\u00a0\u00a0\u00a0\u00a0\u00a0\u00a0\u00a0\u00a0\u00a0\u00a0\u00a0\u00a0\u00a0\u00a0\u00a0\u00a0\u00a0\u00a0\u00a0\u00a0\u00a0\u00a0\u00a0\u00a0\u00a0\u00a0\u00a0\u00a0\u00a0\u00a0\u00a0\u00a0 Stephane Gin : <\/strong><a href=\"mailto:stephane.gin@nagico.com\"><strong>stephane.gin@nagico.com<\/strong><\/a><\/p>\n<p><strong>GFA Caraibes \u00a0\u00a0\u00a0\u00a0\u00a0\u00a0\u00a0\u00a0\u00a0\u00a0\u00a0\u00a0\u00a0\u00a0\u00a0\u00a0\u00a0\u00a0\u00a0\u00a0\u00a0\u00a0\u00a0\u00a0\u00a0\u00a0\u00a0\u00a0\u00a0\u00a0\u00a0\u00a0\u00a0\u00a0\u00a0 Elodie Zameo\u00a0: <\/strong><a href=\"mailto:e.zameo@gfa-caraibes.fr\"><strong>e.zameo@gfa-caraibes.fr<\/strong><\/a><\/p>\n<p><strong>Generali France : \u00a0\u00a0\u00a0\u00a0\u00a0\u00a0\u00a0\u00a0\u00a0\u00a0\u00a0\u00a0\u00a0\u00a0\u00a0\u00a0\u00a0\u00a0\u00a0\u00a0\u00a0\u00a0\u00a0\u00a0\u00a0\u00a0\u00a0\u00a0\u00a0 Julie Terzulli : <\/strong><a href=\"mailto:julie.terzulli@Generali.com\"><strong>julie.terzulli@Generali.com<\/strong><\/a><\/p>\n","protected":false},"excerpt":{"rendered":"<p>&nbsp; &nbsp; &nbsp; &nbsp; Apr\u00e8s avoir annonc\u00e9 \u00eatre entr\u00e9es en n\u00e9gociations exclusives le 9 mai, GFA Cara\u00efbes, la filiale de Generali France dans les Antilles et en Guyane, et NAGICO, compagnie sp\u00e9cialis\u00e9e sur le march\u00e9 carib\u00e9en ont sign\u00e9 leur accord de partenariat le 14 ao\u00fbt dernier. La couverture des risques sur le march\u00e9 des Cara\u00efbes [&hellip;]<\/p>\n","protected":false},"author":42,"featured_media":0,"comment_status":"closed","ping_status":"open","sticky":false,"template":"","format":"standard","meta":{"_eb_attr":"","_uf_show_specific_survey":0,"_uf_disable_surveys":false,"footnotes":""},"categories":[50],"tags":[],"class_list":["post-24537","post","type-post","status-publish","format-standard","hentry","category-non-classifiee"],"_links":{"self":[{"href":"https:\/\/www.nagico.com\/fr\/wp-json\/wp\/v2\/posts\/24537","targetHints":{"allow":["GET"]}}],"collection":[{"href":"https:\/\/www.nagico.com\/fr\/wp-json\/wp\/v2\/posts"}],"about":[{"href":"https:\/\/www.nagico.com\/fr\/wp-json\/wp\/v2\/types\/post"}],"author":[{"embeddable":true,"href":"https:\/\/www.nagico.com\/fr\/wp-json\/wp\/v2\/users\/42"}],"replies":[{"embeddable":true,"href":"https:\/\/www.nagico.com\/fr\/wp-json\/wp\/v2\/comments?post=24537"}],"version-history":[{"count":1,"href":"https:\/\/www.nagico.com\/fr\/wp-json\/wp\/v2\/posts\/24537\/revisions"}],"predecessor-version":[{"id":24538,"href":"https:\/\/www.nagico.com\/fr\/wp-json\/wp\/v2\/posts\/24537\/revisions\/24538"}],"wp:attachment":[{"href":"https:\/\/www.nagico.com\/fr\/wp-json\/wp\/v2\/media?parent=24537"}],"wp:term":[{"taxonomy":"category","embeddable":true,"href":"https:\/\/www.nagico.com\/fr\/wp-json\/wp\/v2\/categories?post=24537"},{"taxonomy":"post_tag","embeddable":true,"href":"https:\/\/www.nagico.com\/fr\/wp-json\/wp\/v2\/tags?post=24537"}],"curies":[{"name":"wp","href":"https:\/\/api.w.org\/{rel}","templated":true}]}}